{"id":1589,"date":"2023-02-27T09:47:30","date_gmt":"2023-02-27T12:47:30","guid":{"rendered":"https:\/\/codeencalada.cl\/?p=1589"},"modified":"2023-02-28T11:45:45","modified_gmt":"2023-02-28T14:45:45","slug":"inicio-del-ano-escolar","status":"publish","type":"post","link":"https:\/\/codeencalada.cl\/index.php\/2023\/02\/27\/inicio-del-ano-escolar\/","title":{"rendered":"Inicio del A\u00f1o Escolar"},"content":{"rendered":"\t\t<div data-elementor-type=\"wp-post\" data-elementor-id=\"1589\" class=\"elementor elementor-1589\">\n\t\t\t\t\t\t<section class=\"elementor-section elementor-top-section elementor-element elementor-element-f930eec elementor-section-boxed elementor-section-height-default elementor-section-height-default\" data-id=\"f930eec\" data-element_type=\"section\" data-e-type=\"section\">\n\t\t\t\t\t\t<div class=\"elementor-container elementor-column-gap-default\">\n\t\t\t\t\t<div class=\"elementor-column elementor-col-100 elementor-top-column elementor-element elementor-element-f53a2e5\" data-id=\"f53a2e5\" data-element_type=\"column\" data-e-type=\"column\">\n\t\t\t<div class=\"elementor-widget-wrap elementor-element-populated\">\n\t\t\t\t\t\t<div class=\"elementor-element elementor-element-94d8ecd elementor-widget elementor-widget-heading\" data-id=\"94d8ecd\" data-element_type=\"widget\" data-e-type=\"widget\" data-widget_type=\"heading.default\">\n\t\t\t\t\t<h2 class=\"elementor-heading-title elementor-size-default\">!Bienvenidos al A\u00f1o escolar 2023\u00a1<\/h2>\t\t\t\t<\/div>\n\t\t\t\t\t<\/div>\n\t\t<\/div>\n\t\t\t\t\t<\/div>\n\t\t<\/section>\n\t\t\t\t<section class=\"elementor-section elementor-top-section elementor-element elementor-element-7e7f045 elementor-section-boxed elementor-section-height-default elementor-section-height-default\" data-id=\"7e7f045\" data-element_type=\"section\" data-e-type=\"section\">\n\t\t\t\t\t\t<div class=\"elementor-container elementor-column-gap-default\">\n\t\t\t\t\t<div class=\"elementor-column elementor-col-100 elementor-top-column elementor-element elementor-element-79721d2\" data-id=\"79721d2\" data-element_type=\"column\" data-e-type=\"column\">\n\t\t\t<div class=\"elementor-widget-wrap elementor-element-populated\">\n\t\t\t\t\t\t<div class=\"elementor-element elementor-element-82d6dd7 elementor-widget elementor-widget-text-editor\" data-id=\"82d6dd7\" data-element_type=\"widget\" data-e-type=\"widget\" data-widget_type=\"text-editor.default\">\n\t\t\t\t\t\t\t\t\t<p>Estimados apoderados, reciban un cordial bienvenida a este nuevo a\u00f1o. Deseamos para cada uno de nuestros estudiantes y apoderados un a\u00f1o pleno de aprendizajes, buenas relaciones humanas, salud y optimismo.<\/p><p>Damos la bienvenida a los estudiantes que se incorporan a nuestro establecimiento y los invitamos junto a sus familias, vayan identific\u00e1ndose y viviendo cada d\u00eda m\u00e1s.<\/p><p>Agradecemos a todas las familias la confianza que a\u00f1o a a\u00f1o depositan en nuestra unidad y asumimos el compromiso de seguir trabajando por el bienestar de nuestros estudiantes y por entregar una educaci\u00f3n de calidad que responda a los desaf\u00edos de la actualidad.<\/p><p>\u00a0<\/p>\t\t\t\t\t\t\t\t<\/div>\n\t\t\t\t<div class=\"elementor-element elementor-element-70bdbc7 elementor-widget elementor-widget-text-editor\" data-id=\"70bdbc7\" data-element_type=\"widget\" data-e-type=\"widget\" data-widget_type=\"text-editor.default\">\n\t\t\t\t\t\t\t\t\t<p>El horario de clases desde el 1 de marzo al 3 de marzo es el siguiente:<\/p>\t\t\t\t\t\t\t\t<\/div>\n\t\t\t\t<div class=\"elementor-element elementor-element-43a3562 elementor-widget elementor-widget-image\" data-id=\"43a3562\" data-element_type=\"widget\" data-e-type=\"widget\" data-widget_type=\"image.default\">\n\t\t\t\t\t\t\t\t\t\t\t\t\t\t\t<img fetchpriority=\"high\" decoding=\"async\" width=\"740\" height=\"525\" src=\"https:\/\/codeencalada.cl\/wp-content\/uploads\/2023\/02\/Feria-de-ciencias-2.png\" class=\"attachment-large size-large wp-image-1605\" alt=\"\" \/>\t\t\t\t\t\t\t\t\t\t\t\t\t\t\t<\/div>\n\t\t\t\t\t<\/div>\n\t\t<\/div>\n\t\t\t\t\t<\/div>\n\t\t<\/section>\n\t\t\t\t<\/div>\n\t\t","protected":false},"excerpt":{"rendered":"<p>!Bienvenidos al A\u00f1o escolar 2023\u00a1 Estimados apoderados, reciban un cordial bienvenida a este nuevo a\u00f1o. Deseamos para cada uno de nuestros estudiantes y apoderados un a\u00f1o&#46;&#46;&#46;<\/p>\n","protected":false},"author":1,"featured_media":1591,"comment_status":"open","ping_status":"closed","sticky":false,"template":"","format":"standard","meta":{"footnotes":""},"categories":[3],"tags":[],"class_list":["post-1589","post","type-post","status-publish","format-standard","has-post-thumbnail","hentry","category-informativo"],"_links":{"self":[{"href":"https:\/\/codeencalada.cl\/index.php\/wp-json\/wp\/v2\/posts\/1589","targetHints":{"allow":["GET"]}}],"collection":[{"href":"https:\/\/codeencalada.cl\/index.php\/wp-json\/wp\/v2\/posts"}],"about":[{"href":"https:\/\/codeencalada.cl\/index.php\/wp-json\/wp\/v2\/types\/post"}],"author":[{"embeddable":true,"href":"https:\/\/codeencalada.cl\/index.php\/wp-json\/wp\/v2\/users\/1"}],"replies":[{"embeddable":true,"href":"https:\/\/codeencalada.cl\/index.php\/wp-json\/wp\/v2\/comments?post=1589"}],"version-history":[{"count":7,"href":"https:\/\/codeencalada.cl\/index.php\/wp-json\/wp\/v2\/posts\/1589\/revisions"}],"predecessor-version":[{"id":1608,"href":"https:\/\/codeencalada.cl\/index.php\/wp-json\/wp\/v2\/posts\/1589\/revisions\/1608"}],"wp:featuredmedia":[{"embeddable":true,"href":"https:\/\/codeencalada.cl\/index.php\/wp-json\/wp\/v2\/media\/1591"}],"wp:attachment":[{"href":"https:\/\/codeencalada.cl\/index.php\/wp-json\/wp\/v2\/media?parent=1589"}],"wp:term":[{"taxonomy":"category","embeddable":true,"href":"https:\/\/codeencalada.cl\/index.php\/wp-json\/wp\/v2\/categories?post=1589"},{"taxonomy":"post_tag","embeddable":true,"href":"https:\/\/codeencalada.cl\/index.php\/wp-json\/wp\/v2\/tags?post=1589"}],"curies":[{"name":"wp","href":"https:\/\/api.w.org\/{rel}","templated":true}]}}