{"id":2071,"date":"2023-06-21T22:36:56","date_gmt":"2023-06-22T01:36:56","guid":{"rendered":"https:\/\/codeencalada.cl\/?p=2071"},"modified":"2023-07-16T22:13:58","modified_gmt":"2023-07-17T01:13:58","slug":"pueblos-originarios","status":"publish","type":"post","link":"https:\/\/codeencalada.cl\/index.php\/2023\/06\/21\/pueblos-originarios\/","title":{"rendered":"PUEBLOS ORIGINARIOS"},"content":{"rendered":"\t\t<div data-elementor-type=\"wp-post\" data-elementor-id=\"2071\" class=\"elementor elementor-2071\">\n\t\t\t\t\t\t<section class=\"elementor-section elementor-top-section elementor-element elementor-element-192b5a9 elementor-section-boxed elementor-section-height-default elementor-section-height-default\" data-id=\"192b5a9\" data-element_type=\"section\" data-e-type=\"section\">\n\t\t\t\t\t\t<div class=\"elementor-container elementor-column-gap-default\">\n\t\t\t\t\t<div class=\"elementor-column elementor-col-100 elementor-top-column elementor-element elementor-element-5a08dbc\" data-id=\"5a08dbc\" data-element_type=\"column\" data-e-type=\"column\">\n\t\t\t<div class=\"elementor-widget-wrap elementor-element-populated\">\n\t\t\t\t\t\t<div class=\"elementor-element elementor-element-c8190bc elementor-widget elementor-widget-heading\" data-id=\"c8190bc\" data-element_type=\"widget\" data-e-type=\"widget\" data-widget_type=\"heading.default\">\n\t\t\t\t\t<h2 class=\"elementor-heading-title elementor-size-default\">DIA DE LOS PUEBLOS ORIGINARIOS.<\/h2>\t\t\t\t<\/div>\n\t\t\t\t\t<\/div>\n\t\t<\/div>\n\t\t\t\t\t<\/div>\n\t\t<\/section>\n\t\t\t\t<section class=\"elementor-section elementor-top-section elementor-element elementor-element-cb8b3f1 elementor-section-boxed elementor-section-height-default elementor-section-height-default\" data-id=\"cb8b3f1\" data-element_type=\"section\" data-e-type=\"section\">\n\t\t\t\t\t\t<div class=\"elementor-container elementor-column-gap-default\">\n\t\t\t\t\t<div class=\"elementor-column elementor-col-100 elementor-top-column elementor-element elementor-element-4b4cf1b\" data-id=\"4b4cf1b\" data-element_type=\"column\" data-e-type=\"column\">\n\t\t\t<div class=\"elementor-widget-wrap elementor-element-populated\">\n\t\t\t\t\t\t<div class=\"elementor-element elementor-element-ce04d3c elementor-widget elementor-widget-image\" data-id=\"ce04d3c\" data-element_type=\"widget\" data-e-type=\"widget\" data-widget_type=\"image.default\">\n\t\t\t\t\t\t\t\t\t\t\t\t\t\t\t<img fetchpriority=\"high\" decoding=\"async\" width=\"740\" height=\"620\" src=\"https:\/\/codeencalada.cl\/wp-content\/uploads\/2023\/06\/Afiches-colegio-4.png\" class=\"attachment-large size-large wp-image-2075\" alt=\"\" \/>\t\t\t\t\t\t\t\t\t\t\t\t\t\t\t<\/div>\n\t\t\t\t\t<\/div>\n\t\t<\/div>\n\t\t\t\t\t<\/div>\n\t\t<\/section>\n\t\t\t\t<section class=\"elementor-section elementor-top-section elementor-element elementor-element-173f876 elementor-section-boxed elementor-section-height-default elementor-section-height-default\" data-id=\"173f876\" data-element_type=\"section\" data-e-type=\"section\">\n\t\t\t\t\t\t<div class=\"elementor-container elementor-column-gap-default\">\n\t\t\t\t\t<div class=\"elementor-column elementor-col-100 elementor-top-column elementor-element elementor-element-0ee4a5a\" data-id=\"0ee4a5a\" data-element_type=\"column\" data-e-type=\"column\">\n\t\t\t<div class=\"elementor-widget-wrap elementor-element-populated\">\n\t\t\t\t\t\t<div class=\"elementor-element elementor-element-992bacf elementor-widget elementor-widget-text-editor\" data-id=\"992bacf\" data-element_type=\"widget\" data-e-type=\"widget\" data-widget_type=\"text-editor.default\">\n\t\t\t\t\t\t\t\t\t<p>El 21 de junio en Chile se celebra el D\u00eda de los Pueblos Ind\u00edgenas, d\u00eda que es crucial para reconocer y valorar la diversidad cultural y ancestral que caracteriza a nuestro pa\u00eds. En este d\u00eda se honra la sabidur\u00eda ancestral, las tradiciones, las conexiones con la tierra y el patrimonio de los pueblos ind\u00edgenas que vivieron en estas tierras mucho antes de la \u00e9poca colonial. Es una oportunidad para reflexionar sobre la riqueza cultural que nos une y reconocer los derechos y la dignidad de los pueblos ind\u00edgenas. Asimismo, es un momento para promover el di\u00e1logo intercultural, el respeto mutuo y el fortalecimiento de la identidad ind\u00edgena en la construcci\u00f3n de una sociedad inclusiva y justa para todos. En este d\u00eda recordamos y valoramos los invaluables aportes de los pueblos ind\u00edgenas a nuestra historia y nos comprometemos a trabajar juntos para lograr la igualdad y el pleno reconocimiento de sus derechos.<\/p>\t\t\t\t\t\t\t\t<\/div>\n\t\t\t\t\t<\/div>\n\t\t<\/div>\n\t\t\t\t\t<\/div>\n\t\t<\/section>\n\t\t\t\t<section class=\"elementor-section elementor-top-section elementor-element elementor-element-43bbd6e elementor-section-boxed elementor-section-height-default elementor-section-height-default\" data-id=\"43bbd6e\" data-element_type=\"section\" data-e-type=\"section\">\n\t\t\t\t\t\t<div class=\"elementor-container elementor-column-gap-default\">\n\t\t\t\t\t<div class=\"elementor-column elementor-col-100 elementor-top-column elementor-element elementor-element-ff96ab7\" data-id=\"ff96ab7\" data-element_type=\"column\" data-e-type=\"column\">\n\t\t\t<div class=\"elementor-widget-wrap elementor-element-populated\">\n\t\t\t\t\t\t<div class=\"elementor-element elementor-element-83720c8 elementor-widget elementor-widget-text-editor\" data-id=\"83720c8\" data-element_type=\"widget\" data-e-type=\"widget\" data-widget_type=\"text-editor.default\">\n\t\t\t\t\t\t\t\t\t<p>En el siguiente enlace podr\u00e1 ver las fotos capturadas ese d\u00eda<\/p>\t\t\t\t\t\t\t\t<\/div>\n\t\t\t\t\t<\/div>\n\t\t<\/div>\n\t\t\t\t\t<\/div>\n\t\t<\/section>\n\t\t\t\t<section class=\"elementor-section elementor-top-section elementor-element elementor-element-3baeea3 elementor-section-boxed elementor-section-height-default elementor-section-height-default\" data-id=\"3baeea3\" data-element_type=\"section\" data-e-type=\"section\">\n\t\t\t\t\t\t<div class=\"elementor-container elementor-column-gap-default\">\n\t\t\t\t\t<div class=\"elementor-column elementor-col-33 elementor-top-column elementor-element elementor-element-9698c05\" data-id=\"9698c05\" data-element_type=\"column\" data-e-type=\"column\">\n\t\t\t<div class=\"elementor-widget-wrap\">\n\t\t\t\t\t\t\t<\/div>\n\t\t<\/div>\n\t\t\t\t<div class=\"elementor-column elementor-col-33 elementor-top-column elementor-element elementor-element-b844bee\" data-id=\"b844bee\" data-element_type=\"column\" data-e-type=\"column\">\n\t\t\t<div class=\"elementor-widget-wrap elementor-element-populated\">\n\t\t\t\t\t\t<div class=\"elementor-element elementor-element-288d5a0 elementor-widget elementor-widget-image\" data-id=\"288d5a0\" data-element_type=\"widget\" data-e-type=\"widget\" data-widget_type=\"image.default\">\n\t\t\t\t\t\t\t\t\t\t\t\t<figure class=\"wp-caption\">\n\t\t\t\t\t\t\t\t\t\t\t<a href=\"https:\/\/drive.google.com\/drive\/folders\/1xCDdXOxrpRIuMwdC04L63EKEKvjQ81gZ?usp=drive_link\" target=\"_blank\">\n\t\t\t\t\t\t\t<img decoding=\"async\" width=\"500\" height=\"500\" src=\"https:\/\/codeencalada.cl\/wp-content\/uploads\/2023\/05\/image-removebg-preview-11.png\" class=\"attachment-large size-large wp-image-1976\" alt=\"\" \/>\t\t\t\t\t\t\t\t<\/a>\n\t\t\t\t\t\t\t\t\t\t\t<figcaption class=\"widget-image-caption wp-caption-text\">imagenes capturadas<\/figcaption>\n\t\t\t\t\t\t\t\t\t\t<\/figure>\n\t\t\t\t\t\t\t\t\t<\/div>\n\t\t\t\t\t<\/div>\n\t\t<\/div>\n\t\t\t\t<div class=\"elementor-column elementor-col-33 elementor-top-column elementor-element elementor-element-586541e\" data-id=\"586541e\" data-element_type=\"column\" data-e-type=\"column\">\n\t\t\t<div class=\"elementor-widget-wrap\">\n\t\t\t\t\t\t\t<\/div>\n\t\t<\/div>\n\t\t\t\t\t<\/div>\n\t\t<\/section>\n\t\t\t\t<\/div>\n\t\t","protected":false},"excerpt":{"rendered":"<p>DIA DE LOS PUEBLOS ORIGINARIOS. El 21 de junio en Chile se celebra el D\u00eda de los Pueblos Ind\u00edgenas, d\u00eda que es crucial para reconocer y&#46;&#46;&#46;<\/p>\n","protected":false},"author":1,"featured_media":2073,"comment_status":"open","ping_status":"closed","sticky":false,"template":"","format":"standard","meta":{"footnotes":""},"categories":[3],"tags":[],"class_list":["post-2071","post","type-post","status-publish","format-standard","has-post-thumbnail","hentry","category-informativo"],"_links":{"self":[{"href":"https:\/\/codeencalada.cl\/index.php\/wp-json\/wp\/v2\/posts\/2071","targetHints":{"allow":["GET"]}}],"collection":[{"href":"https:\/\/codeencalada.cl\/index.php\/wp-json\/wp\/v2\/posts"}],"about":[{"href":"https:\/\/codeencalada.cl\/index.php\/wp-json\/wp\/v2\/types\/post"}],"author":[{"embeddable":true,"href":"https:\/\/codeencalada.cl\/index.php\/wp-json\/wp\/v2\/users\/1"}],"replies":[{"embeddable":true,"href":"https:\/\/codeencalada.cl\/index.php\/wp-json\/wp\/v2\/comments?post=2071"}],"version-history":[{"count":7,"href":"https:\/\/codeencalada.cl\/index.php\/wp-json\/wp\/v2\/posts\/2071\/revisions"}],"predecessor-version":[{"id":2083,"href":"https:\/\/codeencalada.cl\/index.php\/wp-json\/wp\/v2\/posts\/2071\/revisions\/2083"}],"wp:featuredmedia":[{"embeddable":true,"href":"https:\/\/codeencalada.cl\/index.php\/wp-json\/wp\/v2\/media\/2073"}],"wp:attachment":[{"href":"https:\/\/codeencalada.cl\/index.php\/wp-json\/wp\/v2\/media?parent=2071"}],"wp:term":[{"taxonomy":"category","embeddable":true,"href":"https:\/\/codeencalada.cl\/index.php\/wp-json\/wp\/v2\/categories?post=2071"},{"taxonomy":"post_tag","embeddable":true,"href":"https:\/\/codeencalada.cl\/index.php\/wp-json\/wp\/v2\/tags?post=2071"}],"curies":[{"name":"wp","href":"https:\/\/api.w.org\/{rel}","templated":true}]}}